{"id":95142,"date":"2025-01-16T11:42:24","date_gmt":"2025-01-16T09:42:24","guid":{"rendered":"https:\/\/cfpmaresme.org\/estoa-el-servei-de-suport-a-lautonomia-de-jovesamb-autisme-i-o-discapacitat-intellectual-incorpora-el-model-datencio-del-cfp\/"},"modified":"2025-03-24T13:36:46","modified_gmt":"2025-03-24T11:36:46","slug":"estoa-el-servei-de-suport-a-lautonomia-de-jovesamb-autisme-i-o-discapacitat-intellectual-incorpora-el-model-datencio-del-cfp","status":"publish","type":"post","link":"https:\/\/cfpmaresme.org\/es\/estoa-el-servei-de-suport-a-lautonomia-de-jovesamb-autisme-i-o-discapacitat-intellectual-incorpora-el-model-datencio-del-cfp\/","title":{"rendered":"Estoa, el servicio de apoyo a la autonom\u00eda de j\u00f3venes con autismo y\/o discapacidad intelectual incorpora el modelo de atenci\u00f3n del CFP: transversal e integral"},"content":{"rendered":"<p>Estoa, el servicio de apoyo a la autonom\u00eda de j\u00f3venes de 12 a 30 a\u00f1os con autismo y\/o discapacidad intelectual consolida su actividad siguiendo el modelo de atenci\u00f3n del Centro de Formaci\u00f3n y Prevenci\u00f3n: integral y transversal.<\/p>\n<p>La juventud que acompa\u00f1amos realiza actividades en diversos servicios de la entidad, a fin de trabajar en su camino hacia la autonom\u00eda desde diferentes vertientes. Uno de ellos es el Centro Especial de Empleo La Klosca, donde trabajan para adquirir h\u00e1bitos laborales como la importancia de llegar puntual, trabajar en equipo, gestionar pedidos&#8230; Y tambi\u00e9n sociales, estando en contacto constante con otros trabajadores.\u00a0 El otro, el espacio Alterarte, en el que trabajan las habilidades sociales, la creatividad y la motricidad fina. Sandra, coordinadora de Estoa, explica: \u00abHemos visto que el arte ayuda a mejorar la concentraci\u00f3n y aprenden a desconectar de preocupaciones externas\u00bb.<\/p>\n<p>&nbsp;<\/p>\n<p>Con el apoyo del Departament de Drets Socials i Inclusi\u00f3 de la Generalitat de Catalunya.<\/p>\n<p><img loading=\"lazy\" decoding=\"async\" class=\"alignnone size-medium wp-image-95139\" src=\"http:\/\/cfpmaresme.org\/wp-content\/uploads\/2025\/01\/Logo_drets_socials_i_inclusio-en-png-mes-petit-300x52.jpg\" alt=\"\" width=\"300\" height=\"52\" srcset=\"https:\/\/cfpmaresme.org\/wp-content\/uploads\/2025\/01\/Logo_drets_socials_i_inclusio-en-png-mes-petit-300x52.jpg 300w, https:\/\/cfpmaresme.org\/wp-content\/uploads\/2025\/01\/Logo_drets_socials_i_inclusio-en-png-mes-petit-570x100.jpg 570w, https:\/\/cfpmaresme.org\/wp-content\/uploads\/2025\/01\/Logo_drets_socials_i_inclusio-en-png-mes-petit.jpg 575w\" sizes=\"auto, (max-width: 300px) 100vw, 300px\" \/><\/p>\n<p>&nbsp;<\/p>\n","protected":false},"excerpt":{"rendered":"<p>Estoa, el servicio de apoyo a la autonom\u00eda de j\u00f3venes de 12 a 30 a\u00f1os con autismo y\/o discapacidad intelectual consolida su actividad siguiendo el modelo de atenci\u00f3n del Centro de Formaci\u00f3n y Prevenci\u00f3n: integral y transversal. La juventud que acompa\u00f1amos realiza actividades en diversos&#8230;<\/p>\n","protected":false},"author":2,"featured_media":95137,"comment_status":"closed","ping_status":"closed","sticky":false,"template":"","format":"standard","meta":{"footnotes":""},"categories":[1144,1259],"tags":[],"class_list":["post-95142","post","type-post","status-publish","format-standard","has-post-thumbnail","hentry","category-infancia-y-familia","category-publicaciones"],"yoast_head":"<!-- This site is optimized with the Yoast SEO plugin v27.4 - https:\/\/yoast.com\/product\/yoast-seo-wordpress\/ -->\n<title>Estoa, el servicio de apoyo a la autonom\u00eda de j\u00f3venes con autismo y\/o discapacidad intelectual incorpora el modelo de atenci\u00f3n del CFP: transversal e integral | CFP Maresme<\/title>\n<meta name=\"robots\" content=\"index, follow, max-snippet:-1, max-image-preview:large, max-video-preview:-1\" \/>\n<link rel=\"canonical\" href=\"https:\/\/cfpmaresme.org\/es\/estoa-el-servei-de-suport-a-lautonomia-de-jovesamb-autisme-i-o-discapacitat-intellectual-incorpora-el-model-datencio-del-cfp\/\" \/>\n<meta property=\"og:locale\" content=\"es_ES\" \/>\n<meta property=\"og:type\" content=\"article\" \/>\n<meta property=\"og:title\" content=\"Estoa, el servicio de apoyo a la autonom\u00eda de j\u00f3venes con autismo y\/o discapacidad intelectual incorpora el modelo de atenci\u00f3n del CFP: transversal e integral | CFP Maresme\" \/>\n<meta property=\"og:description\" content=\"Estoa, el servicio de apoyo a la autonom\u00eda de j\u00f3venes de 12 a 30 a\u00f1os con autismo y\/o discapacidad intelectual consolida su actividad siguiendo el modelo de atenci\u00f3n del Centro de Formaci\u00f3n y Prevenci\u00f3n: integral y transversal. La juventud que acompa\u00f1amos realiza actividades en diversos...\" \/>\n<meta property=\"og:url\" content=\"https:\/\/cfpmaresme.org\/es\/estoa-el-servei-de-suport-a-lautonomia-de-jovesamb-autisme-i-o-discapacitat-intellectual-incorpora-el-model-datencio-del-cfp\/\" \/>\n<meta property=\"og:site_name\" content=\"CFP Maresme\" \/>\n<meta property=\"article:published_time\" content=\"2025-01-16T09:42:24+00:00\" \/>\n<meta property=\"article:modified_time\" content=\"2025-03-24T11:36:46+00:00\" \/>\n<meta property=\"og:image\" content=\"https:\/\/cfpmaresme.org\/wp-content\/uploads\/2025\/01\/Banner-web-scaled.jpg\" \/>\n\t<meta property=\"og:image:width\" content=\"2560\" \/>\n\t<meta property=\"og:image:height\" content=\"1280\" \/>\n\t<meta property=\"og:image:type\" content=\"image\/jpeg\" \/>\n<meta name=\"author\" content=\"CFPMaresme\" \/>\n<meta name=\"twitter:card\" content=\"summary_large_image\" \/>\n<meta name=\"twitter:creator\" content=\"@cfpmaresme\" \/>\n<meta name=\"twitter:site\" content=\"@cfpmaresme\" \/>\n<meta name=\"twitter:label1\" content=\"Escrito por\" \/>\n\t<meta name=\"twitter:data1\" content=\"CFPMaresme\" \/>\n\t<meta name=\"twitter:label2\" content=\"Tiempo de lectura\" \/>\n\t<meta name=\"twitter:data2\" content=\"2 minutos\" \/>\n<script type=\"application\/ld+json\" class=\"yoast-schema-graph\">{\"@context\":\"https:\\\/\\\/schema.org\",\"@graph\":[{\"@type\":\"Article\",\"@id\":\"https:\\\/\\\/cfpmaresme.org\\\/es\\\/estoa-el-servei-de-suport-a-lautonomia-de-jovesamb-autisme-i-o-discapacitat-intellectual-incorpora-el-model-datencio-del-cfp\\\/#article\",\"isPartOf\":{\"@id\":\"https:\\\/\\\/cfpmaresme.org\\\/es\\\/estoa-el-servei-de-suport-a-lautonomia-de-jovesamb-autisme-i-o-discapacitat-intellectual-incorpora-el-model-datencio-del-cfp\\\/\"},\"author\":{\"name\":\"CFPMaresme\",\"@id\":\"https:\\\/\\\/cfpmaresme.org\\\/#\\\/schema\\\/person\\\/b2634bcd796fafc667ea4055f61b9b2c\"},\"headline\":\"Estoa, el servicio de apoyo a la autonom\u00eda de j\u00f3venes con autismo y\\\/o discapacidad intelectual incorpora el modelo de atenci\u00f3n del CFP: transversal e integral\",\"datePublished\":\"2025-01-16T09:42:24+00:00\",\"dateModified\":\"2025-03-24T11:36:46+00:00\",\"mainEntityOfPage\":{\"@id\":\"https:\\\/\\\/cfpmaresme.org\\\/es\\\/estoa-el-servei-de-suport-a-lautonomia-de-jovesamb-autisme-i-o-discapacitat-intellectual-incorpora-el-model-datencio-del-cfp\\\/\"},\"wordCount\":196,\"image\":{\"@id\":\"https:\\\/\\\/cfpmaresme.org\\\/es\\\/estoa-el-servei-de-suport-a-lautonomia-de-jovesamb-autisme-i-o-discapacitat-intellectual-incorpora-el-model-datencio-del-cfp\\\/#primaryimage\"},\"thumbnailUrl\":\"https:\\\/\\\/cfpmaresme.org\\\/wp-content\\\/uploads\\\/2025\\\/01\\\/Banner-web-scaled.jpg\",\"articleSection\":[\"\u00c1rea de infancia, adolescencia y fam\u00edlia\",\"Publicaciones\"],\"inLanguage\":\"es\"},{\"@type\":\"WebPage\",\"@id\":\"https:\\\/\\\/cfpmaresme.org\\\/es\\\/estoa-el-servei-de-suport-a-lautonomia-de-jovesamb-autisme-i-o-discapacitat-intellectual-incorpora-el-model-datencio-del-cfp\\\/\",\"url\":\"https:\\\/\\\/cfpmaresme.org\\\/es\\\/estoa-el-servei-de-suport-a-lautonomia-de-jovesamb-autisme-i-o-discapacitat-intellectual-incorpora-el-model-datencio-del-cfp\\\/\",\"name\":\"Estoa, el servicio de apoyo a la autonom\u00eda de j\u00f3venes con autismo y\\\/o discapacidad intelectual incorpora el modelo de atenci\u00f3n del CFP: transversal e integral | CFP Maresme\",\"isPartOf\":{\"@id\":\"https:\\\/\\\/cfpmaresme.org\\\/#website\"},\"primaryImageOfPage\":{\"@id\":\"https:\\\/\\\/cfpmaresme.org\\\/es\\\/estoa-el-servei-de-suport-a-lautonomia-de-jovesamb-autisme-i-o-discapacitat-intellectual-incorpora-el-model-datencio-del-cfp\\\/#primaryimage\"},\"image\":{\"@id\":\"https:\\\/\\\/cfpmaresme.org\\\/es\\\/estoa-el-servei-de-suport-a-lautonomia-de-jovesamb-autisme-i-o-discapacitat-intellectual-incorpora-el-model-datencio-del-cfp\\\/#primaryimage\"},\"thumbnailUrl\":\"https:\\\/\\\/cfpmaresme.org\\\/wp-content\\\/uploads\\\/2025\\\/01\\\/Banner-web-scaled.jpg\",\"datePublished\":\"2025-01-16T09:42:24+00:00\",\"dateModified\":\"2025-03-24T11:36:46+00:00\",\"author\":{\"@id\":\"https:\\\/\\\/cfpmaresme.org\\\/#\\\/schema\\\/person\\\/b2634bcd796fafc667ea4055f61b9b2c\"},\"breadcrumb\":{\"@id\":\"https:\\\/\\\/cfpmaresme.org\\\/es\\\/estoa-el-servei-de-suport-a-lautonomia-de-jovesamb-autisme-i-o-discapacitat-intellectual-incorpora-el-model-datencio-del-cfp\\\/#breadcrumb\"},\"inLanguage\":\"es\",\"potentialAction\":[{\"@type\":\"ReadAction\",\"target\":[\"https:\\\/\\\/cfpmaresme.org\\\/es\\\/estoa-el-servei-de-suport-a-lautonomia-de-jovesamb-autisme-i-o-discapacitat-intellectual-incorpora-el-model-datencio-del-cfp\\\/\"]}]},{\"@type\":\"ImageObject\",\"inLanguage\":\"es\",\"@id\":\"https:\\\/\\\/cfpmaresme.org\\\/es\\\/estoa-el-servei-de-suport-a-lautonomia-de-jovesamb-autisme-i-o-discapacitat-intellectual-incorpora-el-model-datencio-del-cfp\\\/#primaryimage\",\"url\":\"https:\\\/\\\/cfpmaresme.org\\\/wp-content\\\/uploads\\\/2025\\\/01\\\/Banner-web-scaled.jpg\",\"contentUrl\":\"https:\\\/\\\/cfpmaresme.org\\\/wp-content\\\/uploads\\\/2025\\\/01\\\/Banner-web-scaled.jpg\",\"width\":2560,\"height\":1280},{\"@type\":\"BreadcrumbList\",\"@id\":\"https:\\\/\\\/cfpmaresme.org\\\/es\\\/estoa-el-servei-de-suport-a-lautonomia-de-jovesamb-autisme-i-o-discapacitat-intellectual-incorpora-el-model-datencio-del-cfp\\\/#breadcrumb\",\"itemListElement\":[{\"@type\":\"ListItem\",\"position\":1,\"name\":\"Home\",\"item\":\"https:\\\/\\\/cfpmaresme.org\\\/es\\\/\"},{\"@type\":\"ListItem\",\"position\":2,\"name\":\"Estoa, el servicio de apoyo a la autonom\u00eda de j\u00f3venes con autismo y\\\/o discapacidad intelectual incorpora el modelo de atenci\u00f3n del CFP: transversal e integral\"}]},{\"@type\":\"WebSite\",\"@id\":\"https:\\\/\\\/cfpmaresme.org\\\/#website\",\"url\":\"https:\\\/\\\/cfpmaresme.org\\\/\",\"name\":\"CFP Maresme\",\"description\":\"Centre Formaci\u00f3 Prevenci\u00f3\",\"potentialAction\":[{\"@type\":\"SearchAction\",\"target\":{\"@type\":\"EntryPoint\",\"urlTemplate\":\"https:\\\/\\\/cfpmaresme.org\\\/?s={search_term_string}\"},\"query-input\":{\"@type\":\"PropertyValueSpecification\",\"valueRequired\":true,\"valueName\":\"search_term_string\"}}],\"inLanguage\":\"es\"},{\"@type\":\"Person\",\"@id\":\"https:\\\/\\\/cfpmaresme.org\\\/#\\\/schema\\\/person\\\/b2634bcd796fafc667ea4055f61b9b2c\",\"name\":\"CFPMaresme\"}]}<\/script>\n<!-- \/ Yoast SEO plugin. -->","yoast_head_json":{"title":"Estoa, el servicio de apoyo a la autonom\u00eda de j\u00f3venes con autismo y\/o discapacidad intelectual incorpora el modelo de atenci\u00f3n del CFP: transversal e integral | CFP Maresme","robots":{"index":"index","follow":"follow","max-snippet":"max-snippet:-1","max-image-preview":"max-image-preview:large","max-video-preview":"max-video-preview:-1"},"canonical":"https:\/\/cfpmaresme.org\/es\/estoa-el-servei-de-suport-a-lautonomia-de-jovesamb-autisme-i-o-discapacitat-intellectual-incorpora-el-model-datencio-del-cfp\/","og_locale":"es_ES","og_type":"article","og_title":"Estoa, el servicio de apoyo a la autonom\u00eda de j\u00f3venes con autismo y\/o discapacidad intelectual incorpora el modelo de atenci\u00f3n del CFP: transversal e integral | CFP Maresme","og_description":"Estoa, el servicio de apoyo a la autonom\u00eda de j\u00f3venes de 12 a 30 a\u00f1os con autismo y\/o discapacidad intelectual consolida su actividad siguiendo el modelo de atenci\u00f3n del Centro de Formaci\u00f3n y Prevenci\u00f3n: integral y transversal. La juventud que acompa\u00f1amos realiza actividades en diversos...","og_url":"https:\/\/cfpmaresme.org\/es\/estoa-el-servei-de-suport-a-lautonomia-de-jovesamb-autisme-i-o-discapacitat-intellectual-incorpora-el-model-datencio-del-cfp\/","og_site_name":"CFP Maresme","article_published_time":"2025-01-16T09:42:24+00:00","article_modified_time":"2025-03-24T11:36:46+00:00","og_image":[{"width":2560,"height":1280,"url":"https:\/\/cfpmaresme.org\/wp-content\/uploads\/2025\/01\/Banner-web-scaled.jpg","type":"image\/jpeg"}],"author":"CFPMaresme","twitter_card":"summary_large_image","twitter_creator":"@cfpmaresme","twitter_site":"@cfpmaresme","twitter_misc":{"Escrito por":"CFPMaresme","Tiempo de lectura":"2 minutos"},"schema":{"@context":"https:\/\/schema.org","@graph":[{"@type":"Article","@id":"https:\/\/cfpmaresme.org\/es\/estoa-el-servei-de-suport-a-lautonomia-de-jovesamb-autisme-i-o-discapacitat-intellectual-incorpora-el-model-datencio-del-cfp\/#article","isPartOf":{"@id":"https:\/\/cfpmaresme.org\/es\/estoa-el-servei-de-suport-a-lautonomia-de-jovesamb-autisme-i-o-discapacitat-intellectual-incorpora-el-model-datencio-del-cfp\/"},"author":{"name":"CFPMaresme","@id":"https:\/\/cfpmaresme.org\/#\/schema\/person\/b2634bcd796fafc667ea4055f61b9b2c"},"headline":"Estoa, el servicio de apoyo a la autonom\u00eda de j\u00f3venes con autismo y\/o discapacidad intelectual incorpora el modelo de atenci\u00f3n del CFP: transversal e integral","datePublished":"2025-01-16T09:42:24+00:00","dateModified":"2025-03-24T11:36:46+00:00","mainEntityOfPage":{"@id":"https:\/\/cfpmaresme.org\/es\/estoa-el-servei-de-suport-a-lautonomia-de-jovesamb-autisme-i-o-discapacitat-intellectual-incorpora-el-model-datencio-del-cfp\/"},"wordCount":196,"image":{"@id":"https:\/\/cfpmaresme.org\/es\/estoa-el-servei-de-suport-a-lautonomia-de-jovesamb-autisme-i-o-discapacitat-intellectual-incorpora-el-model-datencio-del-cfp\/#primaryimage"},"thumbnailUrl":"https:\/\/cfpmaresme.org\/wp-content\/uploads\/2025\/01\/Banner-web-scaled.jpg","articleSection":["\u00c1rea de infancia, adolescencia y fam\u00edlia","Publicaciones"],"inLanguage":"es"},{"@type":"WebPage","@id":"https:\/\/cfpmaresme.org\/es\/estoa-el-servei-de-suport-a-lautonomia-de-jovesamb-autisme-i-o-discapacitat-intellectual-incorpora-el-model-datencio-del-cfp\/","url":"https:\/\/cfpmaresme.org\/es\/estoa-el-servei-de-suport-a-lautonomia-de-jovesamb-autisme-i-o-discapacitat-intellectual-incorpora-el-model-datencio-del-cfp\/","name":"Estoa, el servicio de apoyo a la autonom\u00eda de j\u00f3venes con autismo y\/o discapacidad intelectual incorpora el modelo de atenci\u00f3n del CFP: transversal e integral | CFP Maresme","isPartOf":{"@id":"https:\/\/cfpmaresme.org\/#website"},"primaryImageOfPage":{"@id":"https:\/\/cfpmaresme.org\/es\/estoa-el-servei-de-suport-a-lautonomia-de-jovesamb-autisme-i-o-discapacitat-intellectual-incorpora-el-model-datencio-del-cfp\/#primaryimage"},"image":{"@id":"https:\/\/cfpmaresme.org\/es\/estoa-el-servei-de-suport-a-lautonomia-de-jovesamb-autisme-i-o-discapacitat-intellectual-incorpora-el-model-datencio-del-cfp\/#primaryimage"},"thumbnailUrl":"https:\/\/cfpmaresme.org\/wp-content\/uploads\/2025\/01\/Banner-web-scaled.jpg","datePublished":"2025-01-16T09:42:24+00:00","dateModified":"2025-03-24T11:36:46+00:00","author":{"@id":"https:\/\/cfpmaresme.org\/#\/schema\/person\/b2634bcd796fafc667ea4055f61b9b2c"},"breadcrumb":{"@id":"https:\/\/cfpmaresme.org\/es\/estoa-el-servei-de-suport-a-lautonomia-de-jovesamb-autisme-i-o-discapacitat-intellectual-incorpora-el-model-datencio-del-cfp\/#breadcrumb"},"inLanguage":"es","potentialAction":[{"@type":"ReadAction","target":["https:\/\/cfpmaresme.org\/es\/estoa-el-servei-de-suport-a-lautonomia-de-jovesamb-autisme-i-o-discapacitat-intellectual-incorpora-el-model-datencio-del-cfp\/"]}]},{"@type":"ImageObject","inLanguage":"es","@id":"https:\/\/cfpmaresme.org\/es\/estoa-el-servei-de-suport-a-lautonomia-de-jovesamb-autisme-i-o-discapacitat-intellectual-incorpora-el-model-datencio-del-cfp\/#primaryimage","url":"https:\/\/cfpmaresme.org\/wp-content\/uploads\/2025\/01\/Banner-web-scaled.jpg","contentUrl":"https:\/\/cfpmaresme.org\/wp-content\/uploads\/2025\/01\/Banner-web-scaled.jpg","width":2560,"height":1280},{"@type":"BreadcrumbList","@id":"https:\/\/cfpmaresme.org\/es\/estoa-el-servei-de-suport-a-lautonomia-de-jovesamb-autisme-i-o-discapacitat-intellectual-incorpora-el-model-datencio-del-cfp\/#breadcrumb","itemListElement":[{"@type":"ListItem","position":1,"name":"Home","item":"https:\/\/cfpmaresme.org\/es\/"},{"@type":"ListItem","position":2,"name":"Estoa, el servicio de apoyo a la autonom\u00eda de j\u00f3venes con autismo y\/o discapacidad intelectual incorpora el modelo de atenci\u00f3n del CFP: transversal e integral"}]},{"@type":"WebSite","@id":"https:\/\/cfpmaresme.org\/#website","url":"https:\/\/cfpmaresme.org\/","name":"CFP Maresme","description":"Centre Formaci\u00f3 Prevenci\u00f3","potentialAction":[{"@type":"SearchAction","target":{"@type":"EntryPoint","urlTemplate":"https:\/\/cfpmaresme.org\/?s={search_term_string}"},"query-input":{"@type":"PropertyValueSpecification","valueRequired":true,"valueName":"search_term_string"}}],"inLanguage":"es"},{"@type":"Person","@id":"https:\/\/cfpmaresme.org\/#\/schema\/person\/b2634bcd796fafc667ea4055f61b9b2c","name":"CFPMaresme"}]}},"_links":{"self":[{"href":"https:\/\/cfpmaresme.org\/es\/wp-json\/wp\/v2\/posts\/95142","targetHints":{"allow":["GET"]}}],"collection":[{"href":"https:\/\/cfpmaresme.org\/es\/wp-json\/wp\/v2\/posts"}],"about":[{"href":"https:\/\/cfpmaresme.org\/es\/wp-json\/wp\/v2\/types\/post"}],"author":[{"embeddable":true,"href":"https:\/\/cfpmaresme.org\/es\/wp-json\/wp\/v2\/users\/2"}],"replies":[{"embeddable":true,"href":"https:\/\/cfpmaresme.org\/es\/wp-json\/wp\/v2\/comments?post=95142"}],"version-history":[{"count":4,"href":"https:\/\/cfpmaresme.org\/es\/wp-json\/wp\/v2\/posts\/95142\/revisions"}],"predecessor-version":[{"id":95146,"href":"https:\/\/cfpmaresme.org\/es\/wp-json\/wp\/v2\/posts\/95142\/revisions\/95146"}],"wp:featuredmedia":[{"embeddable":true,"href":"https:\/\/cfpmaresme.org\/es\/wp-json\/wp\/v2\/media\/95137"}],"wp:attachment":[{"href":"https:\/\/cfpmaresme.org\/es\/wp-json\/wp\/v2\/media?parent=95142"}],"wp:term":[{"taxonomy":"category","embeddable":true,"href":"https:\/\/cfpmaresme.org\/es\/wp-json\/wp\/v2\/categories?post=95142"},{"taxonomy":"post_tag","embeddable":true,"href":"https:\/\/cfpmaresme.org\/es\/wp-json\/wp\/v2\/tags?post=95142"}],"curies":[{"name":"wp","href":"https:\/\/api.w.org\/{rel}","templated":true}]}}