{"id":95159,"date":"2025-01-20T10:32:23","date_gmt":"2025-01-20T08:32:23","guid":{"rendered":"https:\/\/cfpmaresme.org\/la-comissio-de-centres-residencials-de-fedaia-treballem-conjuntament-pel-benestar-dels-infant-si-joves-que-acompanyem\/"},"modified":"2025-03-24T13:34:40","modified_gmt":"2025-03-24T11:34:40","slug":"la-comissio-de-centres-residencials-de-fedaia-treballem-conjuntament-pel-benestar-dels-infant-si-joves-que-acompanyem","status":"publish","type":"post","link":"https:\/\/cfpmaresme.org\/es\/la-comissio-de-centres-residencials-de-fedaia-treballem-conjuntament-pel-benestar-dels-infant-si-joves-que-acompanyem\/","title":{"rendered":"La Comisi\u00f3n de Centros Residenciales de Fedaia trabajamos conjuntamente por el bienestar de los infantes y adolescentes que acompa\u00f1amos"},"content":{"rendered":"<p>El viernes la comisi\u00f3n de Centros Residenciales de Fedaia nos reunimos con presencia de Alba Ribot, T\u00e9cnica de Dinamizaci\u00f3n y Coordinaci\u00f3n de Comisiones, Participaci\u00f3n y Gobernanza de Fedaia, en nuestra entidad.<\/p>\n<p>Tuvimos la oportunidad de valorar, de t\u00fa a t\u00fa, la comisi\u00f3n, de presentarle el equipo y la labor de la entidad y de compartir. Encontrar espacios para escuchar y comunicar inquietudes a los compa\u00f1eros y compa\u00f1eras de las federaciones de las que formamos parte es imprescindible para mejorar la atenci\u00f3n a la infancia y la adolescencia en riesgo.<\/p>\n<p>Gracias por venir, Alba, y por el trabajo conjunto, compa\u00f1eros\/as de la comisi\u00f3n. \u00a1Seguimos!<\/p>\n","protected":false},"excerpt":{"rendered":"<p>El viernes la comisi\u00f3n de Centros Residenciales de Fedaia nos reunimos con presencia de Alba Ribot, T\u00e9cnica de Dinamizaci\u00f3n y Coordinaci\u00f3n de Comisiones, Participaci\u00f3n y Gobernanza de Fedaia, en nuestra entidad. Tuvimos la oportunidad de valorar, de t\u00fa a t\u00fa, la comisi\u00f3n, de presentarle el&#8230;<\/p>\n","protected":false},"author":2,"featured_media":95155,"comment_status":"closed","ping_status":"closed","sticky":false,"template":"","format":"standard","meta":{"footnotes":""},"categories":[1144,1259],"tags":[],"class_list":["post-95159","post","type-post","status-publish","format-standard","has-post-thumbnail","hentry","category-infancia-y-familia","category-publicaciones"],"yoast_head":"<!-- This site is optimized with the Yoast SEO plugin v27.4 - https:\/\/yoast.com\/product\/yoast-seo-wordpress\/ -->\n<title>La Comisi\u00f3n de Centros Residenciales de Fedaia trabajamos conjuntamente por el bienestar de los infantes y adolescentes que acompa\u00f1amos | CFP Maresme<\/title>\n<meta name=\"robots\" content=\"index, follow, max-snippet:-1, max-image-preview:large, max-video-preview:-1\" \/>\n<link rel=\"canonical\" href=\"https:\/\/cfpmaresme.org\/es\/la-comissio-de-centres-residencials-de-fedaia-treballem-conjuntament-pel-benestar-dels-infant-si-joves-que-acompanyem\/\" \/>\n<meta property=\"og:locale\" content=\"es_ES\" \/>\n<meta property=\"og:type\" content=\"article\" \/>\n<meta property=\"og:title\" content=\"La Comisi\u00f3n de Centros Residenciales de Fedaia trabajamos conjuntamente por el bienestar de los infantes y adolescentes que acompa\u00f1amos | CFP Maresme\" \/>\n<meta property=\"og:description\" content=\"El viernes la comisi\u00f3n de Centros Residenciales de Fedaia nos reunimos con presencia de Alba Ribot, T\u00e9cnica de Dinamizaci\u00f3n y Coordinaci\u00f3n de Comisiones, Participaci\u00f3n y Gobernanza de Fedaia, en nuestra entidad. Tuvimos la oportunidad de valorar, de t\u00fa a t\u00fa, la comisi\u00f3n, de presentarle el...\" \/>\n<meta property=\"og:url\" content=\"https:\/\/cfpmaresme.org\/es\/la-comissio-de-centres-residencials-de-fedaia-treballem-conjuntament-pel-benestar-dels-infant-si-joves-que-acompanyem\/\" \/>\n<meta property=\"og:site_name\" content=\"CFP Maresme\" \/>\n<meta property=\"article:published_time\" content=\"2025-01-20T08:32:23+00:00\" \/>\n<meta property=\"article:modified_time\" content=\"2025-03-24T11:34:40+00:00\" \/>\n<meta property=\"og:image\" content=\"https:\/\/cfpmaresme.org\/wp-content\/uploads\/2025\/01\/Banner-.png\" \/>\n\t<meta property=\"og:image:width\" content=\"979\" \/>\n\t<meta property=\"og:image:height\" content=\"321\" \/>\n\t<meta property=\"og:image:type\" content=\"image\/png\" \/>\n<meta name=\"author\" content=\"CFPMaresme\" \/>\n<meta name=\"twitter:card\" content=\"summary_large_image\" \/>\n<meta name=\"twitter:creator\" content=\"@cfpmaresme\" \/>\n<meta name=\"twitter:site\" content=\"@cfpmaresme\" \/>\n<meta name=\"twitter:label1\" content=\"Escrito por\" \/>\n\t<meta name=\"twitter:data1\" content=\"CFPMaresme\" \/>\n\t<meta name=\"twitter:label2\" content=\"Tiempo de lectura\" \/>\n\t<meta name=\"twitter:data2\" content=\"1 minuto\" \/>\n<script type=\"application\/ld+json\" class=\"yoast-schema-graph\">{\"@context\":\"https:\\\/\\\/schema.org\",\"@graph\":[{\"@type\":\"Article\",\"@id\":\"https:\\\/\\\/cfpmaresme.org\\\/es\\\/la-comissio-de-centres-residencials-de-fedaia-treballem-conjuntament-pel-benestar-dels-infant-si-joves-que-acompanyem\\\/#article\",\"isPartOf\":{\"@id\":\"https:\\\/\\\/cfpmaresme.org\\\/es\\\/la-comissio-de-centres-residencials-de-fedaia-treballem-conjuntament-pel-benestar-dels-infant-si-joves-que-acompanyem\\\/\"},\"author\":{\"name\":\"CFPMaresme\",\"@id\":\"https:\\\/\\\/cfpmaresme.org\\\/#\\\/schema\\\/person\\\/b2634bcd796fafc667ea4055f61b9b2c\"},\"headline\":\"La Comisi\u00f3n de Centros Residenciales de Fedaia trabajamos conjuntamente por el bienestar de los infantes y adolescentes que acompa\u00f1amos\",\"datePublished\":\"2025-01-20T08:32:23+00:00\",\"dateModified\":\"2025-03-24T11:34:40+00:00\",\"mainEntityOfPage\":{\"@id\":\"https:\\\/\\\/cfpmaresme.org\\\/es\\\/la-comissio-de-centres-residencials-de-fedaia-treballem-conjuntament-pel-benestar-dels-infant-si-joves-que-acompanyem\\\/\"},\"wordCount\":136,\"image\":{\"@id\":\"https:\\\/\\\/cfpmaresme.org\\\/es\\\/la-comissio-de-centres-residencials-de-fedaia-treballem-conjuntament-pel-benestar-dels-infant-si-joves-que-acompanyem\\\/#primaryimage\"},\"thumbnailUrl\":\"https:\\\/\\\/cfpmaresme.org\\\/wp-content\\\/uploads\\\/2025\\\/01\\\/Banner-.png\",\"articleSection\":[\"\u00c1rea de infancia, adolescencia y fam\u00edlia\",\"Publicaciones\"],\"inLanguage\":\"es\"},{\"@type\":\"WebPage\",\"@id\":\"https:\\\/\\\/cfpmaresme.org\\\/es\\\/la-comissio-de-centres-residencials-de-fedaia-treballem-conjuntament-pel-benestar-dels-infant-si-joves-que-acompanyem\\\/\",\"url\":\"https:\\\/\\\/cfpmaresme.org\\\/es\\\/la-comissio-de-centres-residencials-de-fedaia-treballem-conjuntament-pel-benestar-dels-infant-si-joves-que-acompanyem\\\/\",\"name\":\"La Comisi\u00f3n de Centros Residenciales de Fedaia trabajamos conjuntamente por el bienestar de los infantes y adolescentes que acompa\u00f1amos | CFP Maresme\",\"isPartOf\":{\"@id\":\"https:\\\/\\\/cfpmaresme.org\\\/#website\"},\"primaryImageOfPage\":{\"@id\":\"https:\\\/\\\/cfpmaresme.org\\\/es\\\/la-comissio-de-centres-residencials-de-fedaia-treballem-conjuntament-pel-benestar-dels-infant-si-joves-que-acompanyem\\\/#primaryimage\"},\"image\":{\"@id\":\"https:\\\/\\\/cfpmaresme.org\\\/es\\\/la-comissio-de-centres-residencials-de-fedaia-treballem-conjuntament-pel-benestar-dels-infant-si-joves-que-acompanyem\\\/#primaryimage\"},\"thumbnailUrl\":\"https:\\\/\\\/cfpmaresme.org\\\/wp-content\\\/uploads\\\/2025\\\/01\\\/Banner-.png\",\"datePublished\":\"2025-01-20T08:32:23+00:00\",\"dateModified\":\"2025-03-24T11:34:40+00:00\",\"author\":{\"@id\":\"https:\\\/\\\/cfpmaresme.org\\\/#\\\/schema\\\/person\\\/b2634bcd796fafc667ea4055f61b9b2c\"},\"breadcrumb\":{\"@id\":\"https:\\\/\\\/cfpmaresme.org\\\/es\\\/la-comissio-de-centres-residencials-de-fedaia-treballem-conjuntament-pel-benestar-dels-infant-si-joves-que-acompanyem\\\/#breadcrumb\"},\"inLanguage\":\"es\",\"potentialAction\":[{\"@type\":\"ReadAction\",\"target\":[\"https:\\\/\\\/cfpmaresme.org\\\/es\\\/la-comissio-de-centres-residencials-de-fedaia-treballem-conjuntament-pel-benestar-dels-infant-si-joves-que-acompanyem\\\/\"]}]},{\"@type\":\"ImageObject\",\"inLanguage\":\"es\",\"@id\":\"https:\\\/\\\/cfpmaresme.org\\\/es\\\/la-comissio-de-centres-residencials-de-fedaia-treballem-conjuntament-pel-benestar-dels-infant-si-joves-que-acompanyem\\\/#primaryimage\",\"url\":\"https:\\\/\\\/cfpmaresme.org\\\/wp-content\\\/uploads\\\/2025\\\/01\\\/Banner-.png\",\"contentUrl\":\"https:\\\/\\\/cfpmaresme.org\\\/wp-content\\\/uploads\\\/2025\\\/01\\\/Banner-.png\",\"width\":979,\"height\":321},{\"@type\":\"BreadcrumbList\",\"@id\":\"https:\\\/\\\/cfpmaresme.org\\\/es\\\/la-comissio-de-centres-residencials-de-fedaia-treballem-conjuntament-pel-benestar-dels-infant-si-joves-que-acompanyem\\\/#breadcrumb\",\"itemListElement\":[{\"@type\":\"ListItem\",\"position\":1,\"name\":\"Home\",\"item\":\"https:\\\/\\\/cfpmaresme.org\\\/es\\\/\"},{\"@type\":\"ListItem\",\"position\":2,\"name\":\"La Comisi\u00f3n de Centros Residenciales de Fedaia trabajamos conjuntamente por el bienestar de los infantes y adolescentes que acompa\u00f1amos\"}]},{\"@type\":\"WebSite\",\"@id\":\"https:\\\/\\\/cfpmaresme.org\\\/#website\",\"url\":\"https:\\\/\\\/cfpmaresme.org\\\/\",\"name\":\"CFP Maresme\",\"description\":\"Centre Formaci\u00f3 Prevenci\u00f3\",\"potentialAction\":[{\"@type\":\"SearchAction\",\"target\":{\"@type\":\"EntryPoint\",\"urlTemplate\":\"https:\\\/\\\/cfpmaresme.org\\\/?s={search_term_string}\"},\"query-input\":{\"@type\":\"PropertyValueSpecification\",\"valueRequired\":true,\"valueName\":\"search_term_string\"}}],\"inLanguage\":\"es\"},{\"@type\":\"Person\",\"@id\":\"https:\\\/\\\/cfpmaresme.org\\\/#\\\/schema\\\/person\\\/b2634bcd796fafc667ea4055f61b9b2c\",\"name\":\"CFPMaresme\"}]}<\/script>\n<!-- \/ Yoast SEO plugin. -->","yoast_head_json":{"title":"La Comisi\u00f3n de Centros Residenciales de Fedaia trabajamos conjuntamente por el bienestar de los infantes y adolescentes que acompa\u00f1amos | CFP Maresme","robots":{"index":"index","follow":"follow","max-snippet":"max-snippet:-1","max-image-preview":"max-image-preview:large","max-video-preview":"max-video-preview:-1"},"canonical":"https:\/\/cfpmaresme.org\/es\/la-comissio-de-centres-residencials-de-fedaia-treballem-conjuntament-pel-benestar-dels-infant-si-joves-que-acompanyem\/","og_locale":"es_ES","og_type":"article","og_title":"La Comisi\u00f3n de Centros Residenciales de Fedaia trabajamos conjuntamente por el bienestar de los infantes y adolescentes que acompa\u00f1amos | CFP Maresme","og_description":"El viernes la comisi\u00f3n de Centros Residenciales de Fedaia nos reunimos con presencia de Alba Ribot, T\u00e9cnica de Dinamizaci\u00f3n y Coordinaci\u00f3n de Comisiones, Participaci\u00f3n y Gobernanza de Fedaia, en nuestra entidad. Tuvimos la oportunidad de valorar, de t\u00fa a t\u00fa, la comisi\u00f3n, de presentarle el...","og_url":"https:\/\/cfpmaresme.org\/es\/la-comissio-de-centres-residencials-de-fedaia-treballem-conjuntament-pel-benestar-dels-infant-si-joves-que-acompanyem\/","og_site_name":"CFP Maresme","article_published_time":"2025-01-20T08:32:23+00:00","article_modified_time":"2025-03-24T11:34:40+00:00","og_image":[{"width":979,"height":321,"url":"https:\/\/cfpmaresme.org\/wp-content\/uploads\/2025\/01\/Banner-.png","type":"image\/png"}],"author":"CFPMaresme","twitter_card":"summary_large_image","twitter_creator":"@cfpmaresme","twitter_site":"@cfpmaresme","twitter_misc":{"Escrito por":"CFPMaresme","Tiempo de lectura":"1 minuto"},"schema":{"@context":"https:\/\/schema.org","@graph":[{"@type":"Article","@id":"https:\/\/cfpmaresme.org\/es\/la-comissio-de-centres-residencials-de-fedaia-treballem-conjuntament-pel-benestar-dels-infant-si-joves-que-acompanyem\/#article","isPartOf":{"@id":"https:\/\/cfpmaresme.org\/es\/la-comissio-de-centres-residencials-de-fedaia-treballem-conjuntament-pel-benestar-dels-infant-si-joves-que-acompanyem\/"},"author":{"name":"CFPMaresme","@id":"https:\/\/cfpmaresme.org\/#\/schema\/person\/b2634bcd796fafc667ea4055f61b9b2c"},"headline":"La Comisi\u00f3n de Centros Residenciales de Fedaia trabajamos conjuntamente por el bienestar de los infantes y adolescentes que acompa\u00f1amos","datePublished":"2025-01-20T08:32:23+00:00","dateModified":"2025-03-24T11:34:40+00:00","mainEntityOfPage":{"@id":"https:\/\/cfpmaresme.org\/es\/la-comissio-de-centres-residencials-de-fedaia-treballem-conjuntament-pel-benestar-dels-infant-si-joves-que-acompanyem\/"},"wordCount":136,"image":{"@id":"https:\/\/cfpmaresme.org\/es\/la-comissio-de-centres-residencials-de-fedaia-treballem-conjuntament-pel-benestar-dels-infant-si-joves-que-acompanyem\/#primaryimage"},"thumbnailUrl":"https:\/\/cfpmaresme.org\/wp-content\/uploads\/2025\/01\/Banner-.png","articleSection":["\u00c1rea de infancia, adolescencia y fam\u00edlia","Publicaciones"],"inLanguage":"es"},{"@type":"WebPage","@id":"https:\/\/cfpmaresme.org\/es\/la-comissio-de-centres-residencials-de-fedaia-treballem-conjuntament-pel-benestar-dels-infant-si-joves-que-acompanyem\/","url":"https:\/\/cfpmaresme.org\/es\/la-comissio-de-centres-residencials-de-fedaia-treballem-conjuntament-pel-benestar-dels-infant-si-joves-que-acompanyem\/","name":"La Comisi\u00f3n de Centros Residenciales de Fedaia trabajamos conjuntamente por el bienestar de los infantes y adolescentes que acompa\u00f1amos | CFP Maresme","isPartOf":{"@id":"https:\/\/cfpmaresme.org\/#website"},"primaryImageOfPage":{"@id":"https:\/\/cfpmaresme.org\/es\/la-comissio-de-centres-residencials-de-fedaia-treballem-conjuntament-pel-benestar-dels-infant-si-joves-que-acompanyem\/#primaryimage"},"image":{"@id":"https:\/\/cfpmaresme.org\/es\/la-comissio-de-centres-residencials-de-fedaia-treballem-conjuntament-pel-benestar-dels-infant-si-joves-que-acompanyem\/#primaryimage"},"thumbnailUrl":"https:\/\/cfpmaresme.org\/wp-content\/uploads\/2025\/01\/Banner-.png","datePublished":"2025-01-20T08:32:23+00:00","dateModified":"2025-03-24T11:34:40+00:00","author":{"@id":"https:\/\/cfpmaresme.org\/#\/schema\/person\/b2634bcd796fafc667ea4055f61b9b2c"},"breadcrumb":{"@id":"https:\/\/cfpmaresme.org\/es\/la-comissio-de-centres-residencials-de-fedaia-treballem-conjuntament-pel-benestar-dels-infant-si-joves-que-acompanyem\/#breadcrumb"},"inLanguage":"es","potentialAction":[{"@type":"ReadAction","target":["https:\/\/cfpmaresme.org\/es\/la-comissio-de-centres-residencials-de-fedaia-treballem-conjuntament-pel-benestar-dels-infant-si-joves-que-acompanyem\/"]}]},{"@type":"ImageObject","inLanguage":"es","@id":"https:\/\/cfpmaresme.org\/es\/la-comissio-de-centres-residencials-de-fedaia-treballem-conjuntament-pel-benestar-dels-infant-si-joves-que-acompanyem\/#primaryimage","url":"https:\/\/cfpmaresme.org\/wp-content\/uploads\/2025\/01\/Banner-.png","contentUrl":"https:\/\/cfpmaresme.org\/wp-content\/uploads\/2025\/01\/Banner-.png","width":979,"height":321},{"@type":"BreadcrumbList","@id":"https:\/\/cfpmaresme.org\/es\/la-comissio-de-centres-residencials-de-fedaia-treballem-conjuntament-pel-benestar-dels-infant-si-joves-que-acompanyem\/#breadcrumb","itemListElement":[{"@type":"ListItem","position":1,"name":"Home","item":"https:\/\/cfpmaresme.org\/es\/"},{"@type":"ListItem","position":2,"name":"La Comisi\u00f3n de Centros Residenciales de Fedaia trabajamos conjuntamente por el bienestar de los infantes y adolescentes que acompa\u00f1amos"}]},{"@type":"WebSite","@id":"https:\/\/cfpmaresme.org\/#website","url":"https:\/\/cfpmaresme.org\/","name":"CFP Maresme","description":"Centre Formaci\u00f3 Prevenci\u00f3","potentialAction":[{"@type":"SearchAction","target":{"@type":"EntryPoint","urlTemplate":"https:\/\/cfpmaresme.org\/?s={search_term_string}"},"query-input":{"@type":"PropertyValueSpecification","valueRequired":true,"valueName":"search_term_string"}}],"inLanguage":"es"},{"@type":"Person","@id":"https:\/\/cfpmaresme.org\/#\/schema\/person\/b2634bcd796fafc667ea4055f61b9b2c","name":"CFPMaresme"}]}},"_links":{"self":[{"href":"https:\/\/cfpmaresme.org\/es\/wp-json\/wp\/v2\/posts\/95159","targetHints":{"allow":["GET"]}}],"collection":[{"href":"https:\/\/cfpmaresme.org\/es\/wp-json\/wp\/v2\/posts"}],"about":[{"href":"https:\/\/cfpmaresme.org\/es\/wp-json\/wp\/v2\/types\/post"}],"author":[{"embeddable":true,"href":"https:\/\/cfpmaresme.org\/es\/wp-json\/wp\/v2\/users\/2"}],"replies":[{"embeddable":true,"href":"https:\/\/cfpmaresme.org\/es\/wp-json\/wp\/v2\/comments?post=95159"}],"version-history":[{"count":5,"href":"https:\/\/cfpmaresme.org\/es\/wp-json\/wp\/v2\/posts\/95159\/revisions"}],"predecessor-version":[{"id":109901,"href":"https:\/\/cfpmaresme.org\/es\/wp-json\/wp\/v2\/posts\/95159\/revisions\/109901"}],"wp:featuredmedia":[{"embeddable":true,"href":"https:\/\/cfpmaresme.org\/es\/wp-json\/wp\/v2\/media\/95155"}],"wp:attachment":[{"href":"https:\/\/cfpmaresme.org\/es\/wp-json\/wp\/v2\/media?parent=95159"}],"wp:term":[{"taxonomy":"category","embeddable":true,"href":"https:\/\/cfpmaresme.org\/es\/wp-json\/wp\/v2\/categories?post=95159"},{"taxonomy":"post_tag","embeddable":true,"href":"https:\/\/cfpmaresme.org\/es\/wp-json\/wp\/v2\/tags?post=95159"}],"curies":[{"name":"wp","href":"https:\/\/api.w.org\/{rel}","templated":true}]}}